{"id":7696,"date":"2015-09-13T13:01:00","date_gmt":"2015-09-13T13:01:00","guid":{"rendered":"https:\/\/cafs.org.sa\/?p=7696"},"modified":"2023-03-18T12:17:49","modified_gmt":"2023-03-18T12:17:49","slug":"cafs-organises-a-press-conference","status":"publish","type":"post","link":"https:\/\/cafs.org.sa\/fr\/cafs-organises-a-press-conference\/","title":{"rendered":"Le CAFS organise une conf\u00e9rence de presse"},"content":{"rendered":"<div data-elementor-type=\"wp-post\" data-elementor-id=\"7696\" class=\"elementor elementor-7696\">\n\t\t\t\t\t\t<section class=\"elementor-section elementor-top-section elementor-element elementor-element-22ff9b1e elementor-section-boxed elementor-section-height-default elementor-section-height-default\" data-id=\"22ff9b1e\" data-element_type=\"section\">\n\t\t\t\t\t\t<div class=\"elementor-container elementor-column-gap-default\">\n\t\t\t\t\t<div class=\"elementor-column elementor-col-100 elementor-top-column elementor-element elementor-element-2d99c725\" data-id=\"2d99c725\" data-element_type=\"column\">\n\t\t\t<div class=\"elementor-widget-wrap elementor-element-populated\">\n\t\t\t\t\t\t<div class=\"elementor-element elementor-element-306f7071 elementor-widget elementor-widget-text-editor\" data-id=\"306f7071\" data-element_type=\"widget\" data-widget_type=\"text-editor.default\">\n\t\t\t\t<div class=\"elementor-widget-container\">\n\t\t\t\t\t\t\t<!-- wp:paragraph -->\n<p>13 septembre 2015 \u2013 Conf\u00e9rence de presse organis\u00e9e par le Saudi French Business Council (CAFS), en pr\u00e9paration du Saudi French Business Forum et pour annoncer le lancement du nouveau site CAFS. La CAFS \u00e9tait repr\u00e9sent\u00e9e par son Pr\u00e9sident, le Dr Mohamed Ben Laden.<\/p>\n<!-- \/wp:paragraph -->\n\n<!-- wp:paragraph -->\n<p>Discours du Dr Ben Laden\u00a0:<\/p>\n<!-- \/wp:paragraph -->\n\n<!-- wp:paragraph -->\n<p><br>&#8220;<em>Je voudrais tout d&#039;abord remercier Son Excellence l&#039;ambassadeur d&#039;avoir accueilli cette r\u00e9union et tous les journalistes pour leur pr\u00e9sence. Il est important de dire que le deuxi\u00e8me Forum des opportunit\u00e9s d&#039;affaires est organis\u00e9 par le minist\u00e8re du Commerce et de l&#039;Industrie et avec la collaboration active du Conseil des chambres saoudiennes et du Conseil saoudo-fran\u00e7ais des affaires CAFS. Je tiens \u00e9galement \u00e0 remercier tous les organisateurs fran\u00e7ais du Minist\u00e8re de l&#039;Economie et des Entreprises pour les efforts d\u00e9ploy\u00e9s pour faire de ce Forum une r\u00e9ussite. Je dois dire que le premier Forum tenu en 2013 a abord\u00e9 les besoins du Royaume en projets d&#039;infrastructures. Il \u00e9tait clair que la France avait une part importante dans ces projets, par exemple et sans s&#039;y limiter, les projets de transport public de Riyad, y compris le m\u00e9tro et les bus, les travaux d&#039;approvisionnement en eau \u00e0 l&#039;\u00e9chelle du Royaume<\/em>.<\/p>\n<!-- \/wp:paragraph -->\n\n<!-- wp:paragraph -->\n<p><em>Mais les titres de notre prochain Forum, en plus des pr\u00e9c\u00e9dents, pour les projets \u00e9nerg\u00e9tiques, refl\u00e8tent l&#039;approche actuelle du Royaume et ses politiques \u00e9conomiques en mati\u00e8re de<\/em>:<\/p>\n<!-- \/wp:paragraph -->\n\n<!-- wp:list -->\n<ul><!-- wp:list-item -->\n<li><em>La diversification des sources de revenus par l&#039;expansion de la base industrielle et \u00e9conomique.<\/em><\/li>\n<!-- \/wp:list-item -->\n\n<!-- wp:list-item -->\n<li><em>L&#039;utilisation des nouvelles technologies et de l&#039;information et leurs implantations.<\/em><\/li>\n<!-- \/wp:list-item -->\n\n<!-- wp:list-item -->\n<li><em>Passer \u00e0 une \u00e9conomie fond\u00e9e sur la connaissance.<\/em><\/li>\n<!-- \/wp:list-item -->\n\n<!-- wp:list-item -->\n<li><em>Offrir une formation et une \u00e9ducation de qualit\u00e9 pour cr\u00e9er des opportunit\u00e9s d&#039;affaires pour la jeunesse saoudienne.<\/em><\/li>\n<!-- \/wp:list-item -->\n\n<!-- wp:list-item -->\n<li><em>Prendre soin des petites et moyennes entreprises car elles sont la pierre angulaire de la structure \u00e9conomique<\/em>.<br><\/li>\n<!-- \/wp:list-item --><\/ul>\n<!-- \/wp:list -->\n\n<!-- wp:paragraph -->\n<p><em>Je laisserai les d\u00e9tails du Forum \u00e0 M. Roman Keraval pour citer les noms de quelques participants des deux c\u00f4t\u00e9s.<\/em><\/p>\n<!-- \/wp:paragraph -->\n\n<!-- wp:paragraph -->\n<p><em>Je voudrais parler du r\u00f4le des Business Councils en g\u00e9n\u00e9ral et du Saudi French Business Council en particulier comme lien entre les milieux d&#039;affaires des deux pays.<\/em><\/p>\n<!-- \/wp:paragraph -->\n\n<!-- wp:paragraph -->\n<p><em>D\u00e9velopper et renforcer les relations entre les deux communaut\u00e9s de travail et informer les repr\u00e9sentants et les participants des deux c\u00f4t\u00e9s sur les opportunit\u00e9s \u00e9conomiques.<\/em><\/p>\n<!-- \/wp:paragraph -->\n\n<!-- wp:paragraph -->\n<p><em>Encourager les exportations, \u00e9changer des biens et des services et organiser des expositions dans les deux pays.<br>Coop\u00e9rer et communiquer avec les parties responsables des deux pays pour am\u00e9liorer l&#039;atmosph\u00e8re de coop\u00e9ration et faire face aux obstacles perturbant les affaires de diff\u00e9rentes mani\u00e8res<\/em>.<\/p>\n<!-- \/wp:paragraph -->\n\n<!-- wp:paragraph -->\n<p><em>(Je voudrais vous rappeler que lors de la rencontre entre son Excellence, le Ministre du Commerce et de l&#039;Industrie Dr. Tawfiq AlRabiah et le Ministre fran\u00e7ais des Affaires \u00e9trang\u00e8res, en juin de l&#039;ann\u00e9e derni\u00e8re \u00e0 travers les travaux du comit\u00e9 mixte, son Excellence Dr.Tawfeek a parl\u00e9 sur la difficult\u00e9 d&#039;obtenir un visa Schengen pour les hommes d&#039;affaires, la lenteur de la proc\u00e9dure d&#039;examen de sa demande et de sa validit\u00e9.Le Ministre M. Laurent Fabius s&#039;est imm\u00e9diatement adress\u00e9 \u00e0 son Excellence pour d\u00e9livrer des visas de cinq ans, soit tant que le passeport est valide et elle a \u00e9t\u00e9 imm\u00e9diatement appliqu\u00e9e. J&#039;esp\u00e8re que le Royaume avancera dans ce sens pour faciliter l&#039;obtention de visas pour les hommes d&#039;affaires fran\u00e7ais et permettre des s\u00e9jours commerciaux d&#039;un ou deux ans \u00e0 entr\u00e9es multiples au profit du secteur des affaires des deux pays<\/em>.<\/p>\n<!-- \/wp:paragraph -->\n\n<!-- wp:paragraph -->\n<p><em>Encourager la construction de projets \u00e9conomiques dans les deux pays en identifiant les meilleures sources de financement disponibles et en offrant des services aux hommes d&#039;affaires int\u00e9ress\u00e9s par ces projets.<br>Travailler \u00e0 r\u00e9gler de mani\u00e8re amicale les diff\u00e9rends commerciaux qui peuvent survenir entre hommes d&#039;affaires des deux pays.<\/em><br><em>D\u00e9velopper des programmes de formation continue, des transferts de technologies et de connaissances.<br>J&#039;ai un message pour les hommes d&#039;affaires saoudiens : il ne fait aucun doute que si la France est le premier march\u00e9 de la r\u00e9gion, nous ne devons pas le voir uniquement sous cet angle. La France est aussi un pays industriel d\u00e9velopp\u00e9 qui est pr\u00eat \u00e0 faire des affaires dans notre monde arabe et offre des opportunit\u00e9s d&#039;investissement qui peuvent \u00eatre utilis\u00e9es dans le Royaume.<\/em><\/p>\n<!-- \/wp:paragraph -->\n\n<!-- wp:paragraph -->\n<p><em>D&#039;un autre c\u00f4t\u00e9, mon message aux hommes d&#039;affaires et aux entreprises fran\u00e7aises serait que le plus grand march\u00e9 de la r\u00e9gion est le Royaume. Les incitations offertes par notre gouvernement pour financer des projets industriels sont les meilleures par rapport aux pays voisins, le taux d&#039;imposition pour les investisseurs \u00e9trangers est fractionnaire et constant, et d\u00e9crire tous les aspects positifs serait une t\u00e2che longue. Mon conseil \u00e0 nos amis fran\u00e7ais est d&#039;\u00eatre sur le terrain et de diriger leurs administrations et entreprises pr\u00e8s de leurs clients, c&#039;est-\u00e0-dire ici dans le Royaume et non depuis la France ou des administrations r\u00e9gionales en dehors du Royaume. Ils doivent \u00e9galement comprendre la vision future du Royaume pour son \u00e9conomie et ses priorit\u00e9s afin de rendre nos r\u00e9unions utiles pour les deux pays.<\/em>.<\/p>\n<!-- \/wp:paragraph -->\n\n<!-- wp:paragraph -->\n<p><em>Enfin, au nom de mes coll\u00e8gues du Saoudo-Franco Business Council, et conform\u00e9ment au nouveau R\u00e8glement ex\u00e9cutif des Conseils d&#039;affaires \u00e9trangers, je souhaite annoncer que le site CAFS du Saudi French Business Council sera lanc\u00e9 pendant le Forum. l&#039;adresse est www.cafs.org.sa<\/em>.<\/p>\n<!-- \/wp:paragraph -->\n\n<!-- wp:paragraph -->\n<p><em>En plus de l&#039;actualit\u00e9 du conseil, de sa pr\u00e9sentation, de ses membres et de son agenda, nous avons souhait\u00e9 que ce site participe \u00e0 offrir aux \u00e9tudiants saoudiens qui \u00e9tudient en France ou qui y ont termin\u00e9 leurs \u00e9tudes la possibilit\u00e9 de d\u00e9poser leur CV personnel sur le site du CAFS en cas de recherche d&#039;un emploi ou d&#039;un stage d&#039;\u00e9t\u00e9 dans des entreprises fran\u00e7aises du Royaume, car certaines universit\u00e9s insistent sur la formation des \u00e9tudiants en entreprise pendant leur cursus scolaire<\/em>.<\/p>\n<!-- \/wp:paragraph -->\n\n<!-- wp:paragraph -->\n<p><em>Les conjoints fran\u00e7ais des Fran\u00e7ais expatri\u00e9s au Royaume peuvent \u00e9galement d\u00e9poser leur CV personnel sur le site de la Commune s&#039;ils sont \u00e0 la recherche d&#039;un emploi<\/em>.<\/p>\n<!-- \/wp:paragraph -->\n\n<!-- wp:paragraph -->\n<p><em>Bien s\u00fbr le site est en fran\u00e7ais pour l&#039;instant, mais il sera lanc\u00e9 en trois langues : arabe, fran\u00e7ais et anglais<\/em>.<\/p>\n<!-- \/wp:paragraph -->\n\n<!-- wp:paragraph -->\n<p><em>Merci pour votre attention.<\/em>&#8220;<\/p>\n<!-- \/wp:paragraph -->\t\t\t\t\t\t<\/div>\n\t\t\t\t<\/div>\n\t\t\t\t\t<\/div>\n\t\t<\/div>\n\t\t\t\t\t<\/div>\n\t\t<\/section>\n\t\t\t\t<section class=\"elementor-section elementor-top-section elementor-element elementor-element-3aa09abf elementor-section-boxed elementor-section-height-default elementor-section-height-default\" data-id=\"3aa09abf\" data-element_type=\"section\">\n\t\t\t\t\t\t<div class=\"elementor-container elementor-column-gap-default\">\n\t\t\t\t\t<div class=\"elementor-column elementor-col-100 elementor-top-column elementor-element elementor-element-255332b\" data-id=\"255332b\" data-element_type=\"column\">\n\t\t\t<div class=\"elementor-widget-wrap elementor-element-populated\">\n\t\t\t\t\t\t<div class=\"elementor-element elementor-element-193efb01 elementor-arrows-position-inside elementor-pagination-position-outside elementor-widget elementor-widget-image-carousel\" data-id=\"193efb01\" data-element_type=\"widget\" data-settings=\"{&quot;slides_to_show&quot;:&quot;5&quot;,&quot;slides_to_scroll&quot;:&quot;1&quot;,&quot;navigation&quot;:&quot;both&quot;,&quot;autoplay&quot;:&quot;yes&quot;,&quot;pause_on_hover&quot;:&quot;yes&quot;,&quot;pause_on_interaction&quot;:&quot;yes&quot;,&quot;autoplay_speed&quot;:5000,&quot;infinite&quot;:&quot;yes&quot;,&quot;speed&quot;:500}\" data-widget_type=\"image-carousel.default\">\n\t\t\t\t<div class=\"elementor-widget-container\">\n\t\t\t\t\t<div class=\"elementor-image-carousel-wrapper swiper\" dir=\"ltr\">\n\t\t\t<div class=\"elementor-image-carousel swiper-wrapper\" aria-live=\"off\">\n\t\t\t\t\t\t\t\t<div class=\"swiper-slide\" role=\"group\" aria-roledescription=\"slide\" aria-label=\"1 sur 9\"><a data-elementor-open-lightbox=\"yes\" data-elementor-lightbox-slideshow=\"193efb01\" data-elementor-lightbox-title=\"2015-09-13-Press conference\" data-e-action-hash=\"#elementor-action%3Aaction%3Dlightbox%26settings%3DeyJpZCI6ODExOCwidXJsIjoiaHR0cHM6XC9cL2NhZnMub3JnLnNhXC93cC1jb250ZW50XC91cGxvYWRzXC8yMDIwXC8wN1wvMjAxNS0wOS0xMy1QcmVzcy1jb25mZXJlbmNlLmpwZyIsInNsaWRlc2hvdyI6IjE5M2VmYjAxIn0%3D\" href=\"https:\/\/cafs.org.sa\/wp-content\/uploads\/2020\/07\/2015-09-13-Press-conference.jpg\"><figure class=\"swiper-slide-inner\"><img decoding=\"async\" class=\"swiper-slide-image\" src=\"https:\/\/cafs.org.sa\/wp-content\/uploads\/2020\/07\/2015-09-13-Press-conference-150x150.jpg\" alt=\"2015-09-13-Press conference\" \/><\/figure><\/a><\/div><div class=\"swiper-slide\" role=\"group\" aria-roledescription=\"slide\" aria-label=\"2 sur 9\"><a data-elementor-open-lightbox=\"yes\" data-elementor-lightbox-slideshow=\"193efb01\" data-elementor-lightbox-title=\"2015-09-13-Press conference0\" data-e-action-hash=\"#elementor-action%3Aaction%3Dlightbox%26settings%3DeyJpZCI6ODExOSwidXJsIjoiaHR0cHM6XC9cL2NhZnMub3JnLnNhXC93cC1jb250ZW50XC91cGxvYWRzXC8yMDIwXC8wN1wvMjAxNS0wOS0xMy1QcmVzcy1jb25mZXJlbmNlMC5qcGciLCJzbGlkZXNob3ciOiIxOTNlZmIwMSJ9\" href=\"https:\/\/cafs.org.sa\/wp-content\/uploads\/2020\/07\/2015-09-13-Press-conference0.jpg\"><figure class=\"swiper-slide-inner\"><img decoding=\"async\" class=\"swiper-slide-image\" src=\"https:\/\/cafs.org.sa\/wp-content\/uploads\/2020\/07\/2015-09-13-Press-conference0-150x150.jpg\" alt=\"2015-09-13-Press conference0\" \/><\/figure><\/a><\/div><div class=\"swiper-slide\" role=\"group\" aria-roledescription=\"slide\" aria-label=\"3 sur 9\"><a data-elementor-open-lightbox=\"yes\" data-elementor-lightbox-slideshow=\"193efb01\" data-elementor-lightbox-title=\"2015-09-13-Press conference2\" data-e-action-hash=\"#elementor-action%3Aaction%3Dlightbox%26settings%3DeyJpZCI6ODEyMCwidXJsIjoiaHR0cHM6XC9cL2NhZnMub3JnLnNhXC93cC1jb250ZW50XC91cGxvYWRzXC8yMDIwXC8wN1wvMjAxNS0wOS0xMy1QcmVzcy1jb25mZXJlbmNlMi5qcGciLCJzbGlkZXNob3ciOiIxOTNlZmIwMSJ9\" href=\"https:\/\/cafs.org.sa\/wp-content\/uploads\/2020\/07\/2015-09-13-Press-conference2.jpg\"><figure class=\"swiper-slide-inner\"><img decoding=\"async\" class=\"swiper-slide-image\" src=\"https:\/\/cafs.org.sa\/wp-content\/uploads\/2020\/07\/2015-09-13-Press-conference2-150x150.jpg\" alt=\"2015-09-13-Press conference2\" \/><\/figure><\/a><\/div><div class=\"swiper-slide\" role=\"group\" aria-roledescription=\"slide\" aria-label=\"4 sur 9\"><a data-elementor-open-lightbox=\"yes\" data-elementor-lightbox-slideshow=\"193efb01\" data-elementor-lightbox-title=\"2015-09-13-Press conference3\" data-e-action-hash=\"#elementor-action%3Aaction%3Dlightbox%26settings%3DeyJpZCI6ODEyMSwidXJsIjoiaHR0cHM6XC9cL2NhZnMub3JnLnNhXC93cC1jb250ZW50XC91cGxvYWRzXC8yMDIwXC8wN1wvMjAxNS0wOS0xMy1QcmVzcy1jb25mZXJlbmNlMy5qcGciLCJzbGlkZXNob3ciOiIxOTNlZmIwMSJ9\" href=\"https:\/\/cafs.org.sa\/wp-content\/uploads\/2020\/07\/2015-09-13-Press-conference3.jpg\"><figure class=\"swiper-slide-inner\"><img decoding=\"async\" class=\"swiper-slide-image\" src=\"https:\/\/cafs.org.sa\/wp-content\/uploads\/2020\/07\/2015-09-13-Press-conference3-150x150.jpg\" alt=\"2015-09-13-Press conference3\" \/><\/figure><\/a><\/div><div class=\"swiper-slide\" role=\"group\" aria-roledescription=\"slide\" aria-label=\"5 sur 9\"><a data-elementor-open-lightbox=\"yes\" data-elementor-lightbox-slideshow=\"193efb01\" data-elementor-lightbox-title=\"2015-09-13-Press conference4\" data-e-action-hash=\"#elementor-action%3Aaction%3Dlightbox%26settings%3DeyJpZCI6ODEyMiwidXJsIjoiaHR0cHM6XC9cL2NhZnMub3JnLnNhXC93cC1jb250ZW50XC91cGxvYWRzXC8yMDIwXC8wN1wvMjAxNS0wOS0xMy1QcmVzcy1jb25mZXJlbmNlNC5qcGciLCJzbGlkZXNob3ciOiIxOTNlZmIwMSJ9\" href=\"https:\/\/cafs.org.sa\/wp-content\/uploads\/2020\/07\/2015-09-13-Press-conference4.jpg\"><figure class=\"swiper-slide-inner\"><img decoding=\"async\" class=\"swiper-slide-image\" src=\"https:\/\/cafs.org.sa\/wp-content\/uploads\/2020\/07\/2015-09-13-Press-conference4-150x150.jpg\" alt=\"2015-09-13-Press conference4\" \/><\/figure><\/a><\/div><div class=\"swiper-slide\" role=\"group\" aria-roledescription=\"slide\" aria-label=\"6 sur 9\"><a data-elementor-open-lightbox=\"yes\" data-elementor-lightbox-slideshow=\"193efb01\" data-elementor-lightbox-title=\"2015-09-13-Press conference5\" data-e-action-hash=\"#elementor-action%3Aaction%3Dlightbox%26settings%3DeyJpZCI6ODEyMywidXJsIjoiaHR0cHM6XC9cL2NhZnMub3JnLnNhXC93cC1jb250ZW50XC91cGxvYWRzXC8yMDIwXC8wN1wvMjAxNS0wOS0xMy1QcmVzcy1jb25mZXJlbmNlNS5qcGciLCJzbGlkZXNob3ciOiIxOTNlZmIwMSJ9\" href=\"https:\/\/cafs.org.sa\/wp-content\/uploads\/2020\/07\/2015-09-13-Press-conference5.jpg\"><figure class=\"swiper-slide-inner\"><img decoding=\"async\" class=\"swiper-slide-image\" src=\"https:\/\/cafs.org.sa\/wp-content\/uploads\/2020\/07\/2015-09-13-Press-conference5-150x150.jpg\" alt=\"2015-09-13-Press conference5\" \/><\/figure><\/a><\/div><div class=\"swiper-slide\" role=\"group\" aria-roledescription=\"slide\" aria-label=\"7 sur 9\"><a data-elementor-open-lightbox=\"yes\" data-elementor-lightbox-slideshow=\"193efb01\" data-elementor-lightbox-title=\"2015-09-13-Press conference6\" data-e-action-hash=\"#elementor-action%3Aaction%3Dlightbox%26settings%3DeyJpZCI6ODEyNCwidXJsIjoiaHR0cHM6XC9cL2NhZnMub3JnLnNhXC93cC1jb250ZW50XC91cGxvYWRzXC8yMDIwXC8wN1wvMjAxNS0wOS0xMy1QcmVzcy1jb25mZXJlbmNlNi5qcGciLCJzbGlkZXNob3ciOiIxOTNlZmIwMSJ9\" href=\"https:\/\/cafs.org.sa\/wp-content\/uploads\/2020\/07\/2015-09-13-Press-conference6.jpg\"><figure class=\"swiper-slide-inner\"><img decoding=\"async\" class=\"swiper-slide-image\" src=\"https:\/\/cafs.org.sa\/wp-content\/uploads\/2020\/07\/2015-09-13-Press-conference6-150x150.jpg\" alt=\"2015-09-13-Press conference6\" \/><\/figure><\/a><\/div><div class=\"swiper-slide\" role=\"group\" aria-roledescription=\"slide\" aria-label=\"8 sur 9\"><a data-elementor-open-lightbox=\"yes\" data-elementor-lightbox-slideshow=\"193efb01\" data-elementor-lightbox-title=\"2015-09-13-Press conference7\" data-e-action-hash=\"#elementor-action%3Aaction%3Dlightbox%26settings%3DeyJpZCI6ODEyNSwidXJsIjoiaHR0cHM6XC9cL2NhZnMub3JnLnNhXC93cC1jb250ZW50XC91cGxvYWRzXC8yMDIwXC8wN1wvMjAxNS0wOS0xMy1QcmVzcy1jb25mZXJlbmNlNy5qcGciLCJzbGlkZXNob3ciOiIxOTNlZmIwMSJ9\" href=\"https:\/\/cafs.org.sa\/wp-content\/uploads\/2020\/07\/2015-09-13-Press-conference7.jpg\"><figure class=\"swiper-slide-inner\"><img decoding=\"async\" class=\"swiper-slide-image\" src=\"https:\/\/cafs.org.sa\/wp-content\/uploads\/2020\/07\/2015-09-13-Press-conference7-150x150.jpg\" alt=\"2015-09-13-Press conference7\" \/><\/figure><\/a><\/div><div class=\"swiper-slide\" role=\"group\" aria-roledescription=\"slide\" aria-label=\"9 sur 9\"><a data-elementor-open-lightbox=\"yes\" data-elementor-lightbox-slideshow=\"193efb01\" data-elementor-lightbox-title=\"2015-09-13-Press conference8\" data-e-action-hash=\"#elementor-action%3Aaction%3Dlightbox%26settings%3DeyJpZCI6ODEyNiwidXJsIjoiaHR0cHM6XC9cL2NhZnMub3JnLnNhXC93cC1jb250ZW50XC91cGxvYWRzXC8yMDIwXC8wN1wvMjAxNS0wOS0xMy1QcmVzcy1jb25mZXJlbmNlOC5qcGciLCJzbGlkZXNob3ciOiIxOTNlZmIwMSJ9\" href=\"https:\/\/cafs.org.sa\/wp-content\/uploads\/2020\/07\/2015-09-13-Press-conference8.jpg\"><figure class=\"swiper-slide-inner\"><img decoding=\"async\" class=\"swiper-slide-image\" src=\"https:\/\/cafs.org.sa\/wp-content\/uploads\/2020\/07\/2015-09-13-Press-conference8-150x150.jpg\" alt=\"2015-09-13-Press conference8\" \/><\/figure><\/a><\/div>\t\t\t<\/div>\n\t\t\t\t\t\t\t\t\t\t\t\t<div class=\"elementor-swiper-button elementor-swiper-button-prev\" role=\"button\" tabindex=\"0\">\n\t\t\t\t\t\t<i aria-hidden=\"true\" class=\"eicon-chevron-left\"><\/i>\t\t\t\t\t<\/div>\n\t\t\t\t\t<div class=\"elementor-swiper-button elementor-swiper-button-next\" role=\"button\" tabindex=\"0\">\n\t\t\t\t\t\t<i aria-hidden=\"true\" class=\"eicon-chevron-right\"><\/i>\t\t\t\t\t<\/div>\n\t\t\t\t\n\t\t\t\t\t\t\t\t\t<div class=\"swiper-pagination\"><\/div>\n\t\t\t\t\t\t\t\t\t<\/div>\n\t\t\t\t<\/div>\n\t\t\t\t<\/div>\n\t\t\t\t\t<\/div>\n\t\t<\/div>\n\t\t\t\t\t<\/div>\n\t\t<\/section>\n\t\t\t\t<\/div>","protected":false},"excerpt":{"rendered":"<p>13 September 2015 &#8211; Press conference organised by the Saudi French Business Council (CAFS), in preparation of the Saudi French Business Forum and to announce the launch of the new CAFS website. The CAFS was represented by its Chairman, Dr. Mohamed Ben Laden. Speech by Dr. Ben Laden: &#8220;First of all I would like to [&hellip;]<\/p>\n","protected":false},"author":2,"featured_media":7697,"comment_status":"open","ping_status":"open","sticky":false,"template":"","format":"standard","meta":{"om_disable_all_campaigns":false,"_monsterinsights_skip_tracking":false,"_monsterinsights_sitenote_active":false,"_monsterinsights_sitenote_note":"","_monsterinsights_sitenote_category":0,"footnotes":""},"categories":[16,96,97,95,19],"tags":[],"class_list":["post-7696","post","type-post","status-publish","format-standard","has-post-thumbnail","hentry","category-cafs-news-past-events","category-news-france","category-news-partners","category-news-saudi-arabia","category-newsletters"],"yoast_head":"<!-- This site is optimized with the Yoast SEO plugin v27.5 - https:\/\/yoast.com\/product\/yoast-seo-wordpress\/ -->\n<title>CAFS organises a press conference - CAFS KSA<\/title>\n<meta name=\"robots\" content=\"index, follow, max-snippet:-1, max-image-preview:large, max-video-preview:-1\" \/>\n<link rel=\"canonical\" href=\"https:\/\/cafs.org.sa\/fr\/cafs-organises-a-press-conference\/\" \/>\n<meta property=\"og:locale\" content=\"fr_FR\" \/>\n<meta property=\"og:type\" content=\"article\" \/>\n<meta property=\"og:title\" content=\"CAFS organises a press conference - CAFS KSA\" \/>\n<meta property=\"og:description\" content=\"13 September 2015 &#8211; Press conference organised by the Saudi French Business Council (CAFS), in preparation of the Saudi French Business Forum and to announce the launch of the new CAFS website. The CAFS was represented by its Chairman, Dr. Mohamed Ben Laden. Speech by Dr. Ben Laden: &#8220;First of all I would like to [&hellip;]\" \/>\n<meta property=\"og:url\" content=\"https:\/\/cafs.org.sa\/fr\/cafs-organises-a-press-conference\/\" \/>\n<meta property=\"og:site_name\" content=\"CAFS KSA\" \/>\n<meta property=\"article:publisher\" content=\"https:\/\/www.facebook.com\/people\/Saudi-French-Business-Council-CAFS\/100090006094494\/\" \/>\n<meta property=\"article:published_time\" content=\"2015-09-13T13:01:00+00:00\" \/>\n<meta property=\"article:modified_time\" content=\"2023-03-18T12:17:49+00:00\" \/>\n<meta property=\"og:image\" content=\"https:\/\/cafs.org.sa\/wp-content\/uploads\/2023\/03\/2015-09-13-Press-conference0.jpg\" \/>\n\t<meta property=\"og:image:width\" content=\"1156\" \/>\n\t<meta property=\"og:image:height\" content=\"741\" \/>\n\t<meta property=\"og:image:type\" content=\"image\/jpeg\" \/>\n<meta name=\"author\" content=\"CAFS\" \/>\n<meta name=\"twitter:card\" content=\"summary_large_image\" \/>\n<meta name=\"twitter:creator\" content=\"@SaudiCafs\" \/>\n<meta name=\"twitter:site\" content=\"@SaudiCafs\" \/>\n<meta name=\"twitter:label1\" content=\"\u00c9crit par\" \/>\n\t<meta name=\"twitter:data1\" content=\"CAFS\" \/>\n\t<meta name=\"twitter:label2\" content=\"Dur\u00e9e de lecture estim\u00e9e\" \/>\n\t<meta name=\"twitter:data2\" content=\"5 minutes\" \/>\n<script type=\"application\/ld+json\" class=\"yoast-schema-graph\">{\"@context\":\"https:\\\/\\\/schema.org\",\"@graph\":[{\"@type\":\"Article\",\"@id\":\"https:\\\/\\\/cafs.org.sa\\\/cafs-organises-a-press-conference\\\/#article\",\"isPartOf\":{\"@id\":\"https:\\\/\\\/cafs.org.sa\\\/cafs-organises-a-press-conference\\\/\"},\"author\":{\"name\":\"CAFS\",\"@id\":\"https:\\\/\\\/cafs.org.sa\\\/#\\\/schema\\\/person\\\/c78921a0f4a0779df27789cb89d9e631\"},\"headline\":\"CAFS organises a press conference\",\"datePublished\":\"2015-09-13T13:01:00+00:00\",\"dateModified\":\"2023-03-18T12:17:49+00:00\",\"mainEntityOfPage\":{\"@id\":\"https:\\\/\\\/cafs.org.sa\\\/cafs-organises-a-press-conference\\\/\"},\"wordCount\":945,\"commentCount\":0,\"publisher\":{\"@id\":\"https:\\\/\\\/cafs.org.sa\\\/#organization\"},\"image\":{\"@id\":\"https:\\\/\\\/cafs.org.sa\\\/cafs-organises-a-press-conference\\\/#primaryimage\"},\"thumbnailUrl\":\"https:\\\/\\\/cafs.org.sa\\\/wp-content\\\/uploads\\\/2023\\\/03\\\/2015-09-13-Press-conference0.jpg\",\"articleSection\":[\"CAFS News &amp; Past Events\",\"News France\",\"News Partners\",\"News Saudi Arabia\",\"Newsletters\"],\"inLanguage\":\"fr-FR\",\"potentialAction\":[{\"@type\":\"CommentAction\",\"name\":\"Comment\",\"target\":[\"https:\\\/\\\/cafs.org.sa\\\/cafs-organises-a-press-conference\\\/#respond\"]}]},{\"@type\":\"WebPage\",\"@id\":\"https:\\\/\\\/cafs.org.sa\\\/cafs-organises-a-press-conference\\\/\",\"url\":\"https:\\\/\\\/cafs.org.sa\\\/cafs-organises-a-press-conference\\\/\",\"name\":\"CAFS organises a press conference - CAFS KSA\",\"isPartOf\":{\"@id\":\"https:\\\/\\\/cafs.org.sa\\\/#website\"},\"primaryImageOfPage\":{\"@id\":\"https:\\\/\\\/cafs.org.sa\\\/cafs-organises-a-press-conference\\\/#primaryimage\"},\"image\":{\"@id\":\"https:\\\/\\\/cafs.org.sa\\\/cafs-organises-a-press-conference\\\/#primaryimage\"},\"thumbnailUrl\":\"https:\\\/\\\/cafs.org.sa\\\/wp-content\\\/uploads\\\/2023\\\/03\\\/2015-09-13-Press-conference0.jpg\",\"datePublished\":\"2015-09-13T13:01:00+00:00\",\"dateModified\":\"2023-03-18T12:17:49+00:00\",\"breadcrumb\":{\"@id\":\"https:\\\/\\\/cafs.org.sa\\\/cafs-organises-a-press-conference\\\/#breadcrumb\"},\"inLanguage\":\"fr-FR\",\"potentialAction\":[{\"@type\":\"ReadAction\",\"target\":[\"https:\\\/\\\/cafs.org.sa\\\/cafs-organises-a-press-conference\\\/\"]}]},{\"@type\":\"ImageObject\",\"inLanguage\":\"fr-FR\",\"@id\":\"https:\\\/\\\/cafs.org.sa\\\/cafs-organises-a-press-conference\\\/#primaryimage\",\"url\":\"https:\\\/\\\/cafs.org.sa\\\/wp-content\\\/uploads\\\/2023\\\/03\\\/2015-09-13-Press-conference0.jpg\",\"contentUrl\":\"https:\\\/\\\/cafs.org.sa\\\/wp-content\\\/uploads\\\/2023\\\/03\\\/2015-09-13-Press-conference0.jpg\",\"width\":1156,\"height\":741},{\"@type\":\"BreadcrumbList\",\"@id\":\"https:\\\/\\\/cafs.org.sa\\\/cafs-organises-a-press-conference\\\/#breadcrumb\",\"itemListElement\":[{\"@type\":\"ListItem\",\"position\":1,\"name\":\"Home\",\"item\":\"https:\\\/\\\/cafs.org.sa\\\/\"},{\"@type\":\"ListItem\",\"position\":2,\"name\":\"CAFS organises a press conference\"}]},{\"@type\":\"WebSite\",\"@id\":\"https:\\\/\\\/cafs.org.sa\\\/#website\",\"url\":\"https:\\\/\\\/cafs.org.sa\\\/\",\"name\":\"CAFS\",\"description\":\"\",\"publisher\":{\"@id\":\"https:\\\/\\\/cafs.org.sa\\\/#organization\"},\"potentialAction\":[{\"@type\":\"SearchAction\",\"target\":{\"@type\":\"EntryPoint\",\"urlTemplate\":\"https:\\\/\\\/cafs.org.sa\\\/?s={search_term_string}\"},\"query-input\":{\"@type\":\"PropertyValueSpecification\",\"valueRequired\":true,\"valueName\":\"search_term_string\"}}],\"inLanguage\":\"fr-FR\"},{\"@type\":\"Organization\",\"@id\":\"https:\\\/\\\/cafs.org.sa\\\/#organization\",\"name\":\"Conseil d'Affaires Franco Saoudien (CAFS)\",\"url\":\"https:\\\/\\\/cafs.org.sa\\\/\",\"logo\":{\"@type\":\"ImageObject\",\"inLanguage\":\"fr-FR\",\"@id\":\"https:\\\/\\\/cafs.org.sa\\\/#\\\/schema\\\/logo\\\/image\\\/\",\"url\":\"https:\\\/\\\/cafs.org.sa\\\/wp-content\\\/uploads\\\/2020\\\/07\\\/CAFS-Transparent-background.png\",\"contentUrl\":\"https:\\\/\\\/cafs.org.sa\\\/wp-content\\\/uploads\\\/2020\\\/07\\\/CAFS-Transparent-background.png\",\"width\":2208,\"height\":1470,\"caption\":\"Conseil d'Affaires Franco Saoudien (CAFS)\"},\"image\":{\"@id\":\"https:\\\/\\\/cafs.org.sa\\\/#\\\/schema\\\/logo\\\/image\\\/\"},\"sameAs\":[\"https:\\\/\\\/www.facebook.com\\\/people\\\/Saudi-French-Business-Council-CAFS\\\/100090006094494\\\/\",\"https:\\\/\\\/x.com\\\/SaudiCafs\",\"https:\\\/\\\/www.linkedin.com\\\/company\\\/saudi-french-business-council\\\/\",\"https:\\\/\\\/www.instagram.com\\\/cafs_ksa\\\/\",\"https:\\\/\\\/www.youtube.com\\\/@saudifrenchbusinesscouncilcafs\"]},{\"@type\":\"Person\",\"@id\":\"https:\\\/\\\/cafs.org.sa\\\/#\\\/schema\\\/person\\\/c78921a0f4a0779df27789cb89d9e631\",\"name\":\"CAFS\",\"image\":{\"@type\":\"ImageObject\",\"inLanguage\":\"fr-FR\",\"@id\":\"https:\\\/\\\/secure.gravatar.com\\\/avatar\\\/c8dae6bc3a8e2e79c561994400e9847104e72b9ffbb00174e603ef6ea842bbc9?s=96&d=mm&r=g\",\"url\":\"https:\\\/\\\/secure.gravatar.com\\\/avatar\\\/c8dae6bc3a8e2e79c561994400e9847104e72b9ffbb00174e603ef6ea842bbc9?s=96&d=mm&r=g\",\"contentUrl\":\"https:\\\/\\\/secure.gravatar.com\\\/avatar\\\/c8dae6bc3a8e2e79c561994400e9847104e72b9ffbb00174e603ef6ea842bbc9?s=96&d=mm&r=g\",\"caption\":\"CAFS\"},\"url\":\"https:\\\/\\\/cafs.org.sa\\\/fr\\\/author\\\/casf-admin\\\/\"}]}<\/script>\n<!-- \/ Yoast SEO plugin. -->","yoast_head_json":{"title":"CAFS organises a press conference - CAFS KSA","robots":{"index":"index","follow":"follow","max-snippet":"max-snippet:-1","max-image-preview":"max-image-preview:large","max-video-preview":"max-video-preview:-1"},"canonical":"https:\/\/cafs.org.sa\/fr\/cafs-organises-a-press-conference\/","og_locale":"fr_FR","og_type":"article","og_title":"CAFS organises a press conference - CAFS KSA","og_description":"13 September 2015 &#8211; Press conference organised by the Saudi French Business Council (CAFS), in preparation of the Saudi French Business Forum and to announce the launch of the new CAFS website. The CAFS was represented by its Chairman, Dr. Mohamed Ben Laden. Speech by Dr. Ben Laden: &#8220;First of all I would like to [&hellip;]","og_url":"https:\/\/cafs.org.sa\/fr\/cafs-organises-a-press-conference\/","og_site_name":"CAFS KSA","article_publisher":"https:\/\/www.facebook.com\/people\/Saudi-French-Business-Council-CAFS\/100090006094494\/","article_published_time":"2015-09-13T13:01:00+00:00","article_modified_time":"2023-03-18T12:17:49+00:00","og_image":[{"width":1156,"height":741,"url":"https:\/\/cafs.org.sa\/wp-content\/uploads\/2023\/03\/2015-09-13-Press-conference0.jpg","type":"image\/jpeg"}],"author":"CAFS","twitter_card":"summary_large_image","twitter_creator":"@SaudiCafs","twitter_site":"@SaudiCafs","twitter_misc":{"\u00c9crit par":"CAFS","Dur\u00e9e de lecture estim\u00e9e":"5 minutes"},"schema":{"@context":"https:\/\/schema.org","@graph":[{"@type":"Article","@id":"https:\/\/cafs.org.sa\/cafs-organises-a-press-conference\/#article","isPartOf":{"@id":"https:\/\/cafs.org.sa\/cafs-organises-a-press-conference\/"},"author":{"name":"CAFS","@id":"https:\/\/cafs.org.sa\/#\/schema\/person\/c78921a0f4a0779df27789cb89d9e631"},"headline":"CAFS organises a press conference","datePublished":"2015-09-13T13:01:00+00:00","dateModified":"2023-03-18T12:17:49+00:00","mainEntityOfPage":{"@id":"https:\/\/cafs.org.sa\/cafs-organises-a-press-conference\/"},"wordCount":945,"commentCount":0,"publisher":{"@id":"https:\/\/cafs.org.sa\/#organization"},"image":{"@id":"https:\/\/cafs.org.sa\/cafs-organises-a-press-conference\/#primaryimage"},"thumbnailUrl":"https:\/\/cafs.org.sa\/wp-content\/uploads\/2023\/03\/2015-09-13-Press-conference0.jpg","articleSection":["CAFS News &amp; Past Events","News France","News Partners","News Saudi Arabia","Newsletters"],"inLanguage":"fr-FR","potentialAction":[{"@type":"CommentAction","name":"Comment","target":["https:\/\/cafs.org.sa\/cafs-organises-a-press-conference\/#respond"]}]},{"@type":"WebPage","@id":"https:\/\/cafs.org.sa\/cafs-organises-a-press-conference\/","url":"https:\/\/cafs.org.sa\/cafs-organises-a-press-conference\/","name":"CAFS organises a press conference - CAFS KSA","isPartOf":{"@id":"https:\/\/cafs.org.sa\/#website"},"primaryImageOfPage":{"@id":"https:\/\/cafs.org.sa\/cafs-organises-a-press-conference\/#primaryimage"},"image":{"@id":"https:\/\/cafs.org.sa\/cafs-organises-a-press-conference\/#primaryimage"},"thumbnailUrl":"https:\/\/cafs.org.sa\/wp-content\/uploads\/2023\/03\/2015-09-13-Press-conference0.jpg","datePublished":"2015-09-13T13:01:00+00:00","dateModified":"2023-03-18T12:17:49+00:00","breadcrumb":{"@id":"https:\/\/cafs.org.sa\/cafs-organises-a-press-conference\/#breadcrumb"},"inLanguage":"fr-FR","potentialAction":[{"@type":"ReadAction","target":["https:\/\/cafs.org.sa\/cafs-organises-a-press-conference\/"]}]},{"@type":"ImageObject","inLanguage":"fr-FR","@id":"https:\/\/cafs.org.sa\/cafs-organises-a-press-conference\/#primaryimage","url":"https:\/\/cafs.org.sa\/wp-content\/uploads\/2023\/03\/2015-09-13-Press-conference0.jpg","contentUrl":"https:\/\/cafs.org.sa\/wp-content\/uploads\/2023\/03\/2015-09-13-Press-conference0.jpg","width":1156,"height":741},{"@type":"BreadcrumbList","@id":"https:\/\/cafs.org.sa\/cafs-organises-a-press-conference\/#breadcrumb","itemListElement":[{"@type":"ListItem","position":1,"name":"Home","item":"https:\/\/cafs.org.sa\/"},{"@type":"ListItem","position":2,"name":"CAFS organises a press conference"}]},{"@type":"WebSite","@id":"https:\/\/cafs.org.sa\/#website","url":"https:\/\/cafs.org.sa\/","name":"CAFS","description":"","publisher":{"@id":"https:\/\/cafs.org.sa\/#organization"},"potentialAction":[{"@type":"SearchAction","target":{"@type":"EntryPoint","urlTemplate":"https:\/\/cafs.org.sa\/?s={search_term_string}"},"query-input":{"@type":"PropertyValueSpecification","valueRequired":true,"valueName":"search_term_string"}}],"inLanguage":"fr-FR"},{"@type":"Organization","@id":"https:\/\/cafs.org.sa\/#organization","name":"Conseil d'Affaires Franco Saoudien (CAFS)","url":"https:\/\/cafs.org.sa\/","logo":{"@type":"ImageObject","inLanguage":"fr-FR","@id":"https:\/\/cafs.org.sa\/#\/schema\/logo\/image\/","url":"https:\/\/cafs.org.sa\/wp-content\/uploads\/2020\/07\/CAFS-Transparent-background.png","contentUrl":"https:\/\/cafs.org.sa\/wp-content\/uploads\/2020\/07\/CAFS-Transparent-background.png","width":2208,"height":1470,"caption":"Conseil d'Affaires Franco Saoudien (CAFS)"},"image":{"@id":"https:\/\/cafs.org.sa\/#\/schema\/logo\/image\/"},"sameAs":["https:\/\/www.facebook.com\/people\/Saudi-French-Business-Council-CAFS\/100090006094494\/","https:\/\/x.com\/SaudiCafs","https:\/\/www.linkedin.com\/company\/saudi-french-business-council\/","https:\/\/www.instagram.com\/cafs_ksa\/","https:\/\/www.youtube.com\/@saudifrenchbusinesscouncilcafs"]},{"@type":"Person","@id":"https:\/\/cafs.org.sa\/#\/schema\/person\/c78921a0f4a0779df27789cb89d9e631","name":"CAFS","image":{"@type":"ImageObject","inLanguage":"fr-FR","@id":"https:\/\/secure.gravatar.com\/avatar\/c8dae6bc3a8e2e79c561994400e9847104e72b9ffbb00174e603ef6ea842bbc9?s=96&d=mm&r=g","url":"https:\/\/secure.gravatar.com\/avatar\/c8dae6bc3a8e2e79c561994400e9847104e72b9ffbb00174e603ef6ea842bbc9?s=96&d=mm&r=g","contentUrl":"https:\/\/secure.gravatar.com\/avatar\/c8dae6bc3a8e2e79c561994400e9847104e72b9ffbb00174e603ef6ea842bbc9?s=96&d=mm&r=g","caption":"CAFS"},"url":"https:\/\/cafs.org.sa\/fr\/author\/casf-admin\/"}]}},"_links":{"self":[{"href":"https:\/\/cafs.org.sa\/fr\/wp-json\/wp\/v2\/posts\/7696","targetHints":{"allow":["GET"]}}],"collection":[{"href":"https:\/\/cafs.org.sa\/fr\/wp-json\/wp\/v2\/posts"}],"about":[{"href":"https:\/\/cafs.org.sa\/fr\/wp-json\/wp\/v2\/types\/post"}],"author":[{"embeddable":true,"href":"https:\/\/cafs.org.sa\/fr\/wp-json\/wp\/v2\/users\/2"}],"replies":[{"embeddable":true,"href":"https:\/\/cafs.org.sa\/fr\/wp-json\/wp\/v2\/comments?post=7696"}],"version-history":[{"count":4,"href":"https:\/\/cafs.org.sa\/fr\/wp-json\/wp\/v2\/posts\/7696\/revisions"}],"predecessor-version":[{"id":8129,"href":"https:\/\/cafs.org.sa\/fr\/wp-json\/wp\/v2\/posts\/7696\/revisions\/8129"}],"wp:featuredmedia":[{"embeddable":true,"href":"https:\/\/cafs.org.sa\/fr\/wp-json\/wp\/v2\/media\/7697"}],"wp:attachment":[{"href":"https:\/\/cafs.org.sa\/fr\/wp-json\/wp\/v2\/media?parent=7696"}],"wp:term":[{"taxonomy":"category","embeddable":true,"href":"https:\/\/cafs.org.sa\/fr\/wp-json\/wp\/v2\/categories?post=7696"},{"taxonomy":"post_tag","embeddable":true,"href":"https:\/\/cafs.org.sa\/fr\/wp-json\/wp\/v2\/tags?post=7696"}],"curies":[{"name":"wp","href":"https:\/\/api.w.org\/{rel}","templated":true}]}}