{"id":7509,"date":"2023-03-15T11:35:24","date_gmt":"2023-03-15T11:35:24","guid":{"rendered":"https:\/\/cafs.org.sa\/?p=7509"},"modified":"2023-03-17T18:12:12","modified_gmt":"2023-03-17T18:12:12","slug":"cafs-members-speak-at-pifs-forum-on-saudi-private-sector","status":"publish","type":"post","link":"https:\/\/cafs.org.sa\/fr\/cafs-members-speak-at-pifs-forum-on-saudi-private-sector\/","title":{"rendered":"Les membres du CAFS prennent la parole au Forum du secteur priv\u00e9 du PIF"},"content":{"rendered":"<div data-elementor-type=\"wp-post\" data-elementor-id=\"7509\" class=\"elementor elementor-7509\">\n\t\t\t\t\t\t<section class=\"elementor-section elementor-top-section elementor-element elementor-element-5ad06361 elementor-section-boxed elementor-section-height-default elementor-section-height-default\" data-id=\"5ad06361\" data-element_type=\"section\">\n\t\t\t\t\t\t<div class=\"elementor-container elementor-column-gap-default\">\n\t\t\t\t\t<div class=\"elementor-column elementor-col-100 elementor-top-column elementor-element elementor-element-2a9813a9\" data-id=\"2a9813a9\" data-element_type=\"column\">\n\t\t\t<div class=\"elementor-widget-wrap elementor-element-populated\">\n\t\t\t\t\t\t<div class=\"elementor-element elementor-element-1f49e606 elementor-widget elementor-widget-text-editor\" data-id=\"1f49e606\" data-element_type=\"widget\" data-widget_type=\"text-editor.default\">\n\t\t\t\t<div class=\"elementor-widget-container\">\n\t\t\t\t\t\t\t<p><!-- wp:paragraph --><\/p>\n<p>15 mars 2023 \u2013 Ing. Ziyad Alshiha, PDG de la Saudi Investment Recycling Company (SIRC), et Eng. Walid Abukhaled, PDG de la Saudi Arabian Military Industries (SAMI), membres \u00e9minents du Comit\u00e9 ex\u00e9cutif du Saudi French Business Council (CAFS), participe aujourd&#039;hui \u00e0 la table ronde sur le \u00ab R\u00f4le du secteur priv\u00e9 dans le d\u00e9veloppement des secteurs \u00e9mergents \u00bb.<\/p>\n<p><!-- \/wp:paragraph --><\/p>\n<p><!-- wp:paragraph --><\/p>\n<p>M. Soufyan Alkabbani, PDG de Saudico Electronic Systems et vice-pr\u00e9sident du CAFS, a \u00e9galement assist\u00e9 \u00e0 l&#039;\u00e9v\u00e9nement, pour participer en tant que repr\u00e9sentant officiel du Saudi French Business Council.<\/p>\n<p><!-- \/wp:paragraph --><\/p>\n<p><!-- wp:paragraph --><\/p>\n<p>Cette table ronde a eu lieu lors du Forum du secteur priv\u00e9 organis\u00e9 par le Fonds d&#039;investissement public saoudien (PIF) \u00e0 Riyad, les 14 et 15 mars 2023 au Four Season Hotel. L&#039;\u00e9v\u00e9nement de deux jours, le premier du genre, se concentre sur les efforts du PIF pour soutenir et permettre au secteur priv\u00e9 de d\u00e9bloquer des opportunit\u00e9s et de diversifier davantage l&#039;\u00e9conomie en investissant dans de nouveaux secteurs, en am\u00e9liorant la comp\u00e9titivit\u00e9, en augmentant le contenu local et en cr\u00e9ant de nouveaux emplois, en conform\u00e9ment \u00e0 Saudi Vision 2030. Des responsables, des repr\u00e9sentants de 50 soci\u00e9t\u00e9s du portefeuille PIF et plus de 4 000 participants du secteur priv\u00e9 de tous les secteurs devraient participer au forum.<\/p>\n<p><!-- \/wp:paragraph --><\/p>\t\t\t\t\t\t<\/div>\n\t\t\t\t<\/div>\n\t\t\t\t\t<\/div>\n\t\t<\/div>\n\t\t\t\t\t<\/div>\n\t\t<\/section>\n\t\t\t\t<section class=\"elementor-section elementor-top-section elementor-element elementor-element-55412d4f elementor-section-boxed elementor-section-height-default elementor-section-height-default\" data-id=\"55412d4f\" data-element_type=\"section\">\n\t\t\t\t\t\t<div class=\"elementor-container elementor-column-gap-default\">\n\t\t\t\t\t<div class=\"elementor-column elementor-col-100 elementor-top-column elementor-element elementor-element-36c08e5b\" data-id=\"36c08e5b\" data-element_type=\"column\">\n\t\t\t<div class=\"elementor-widget-wrap elementor-element-populated\">\n\t\t\t\t\t\t<div class=\"elementor-element elementor-element-633fcb70 elementor-arrows-position-inside elementor-pagination-position-outside elementor-widget elementor-widget-image-carousel\" data-id=\"633fcb70\" data-element_type=\"widget\" data-settings=\"{&quot;slides_to_show&quot;:&quot;5&quot;,&quot;slides_to_scroll&quot;:&quot;1&quot;,&quot;navigation&quot;:&quot;both&quot;,&quot;autoplay&quot;:&quot;yes&quot;,&quot;pause_on_hover&quot;:&quot;yes&quot;,&quot;pause_on_interaction&quot;:&quot;yes&quot;,&quot;autoplay_speed&quot;:5000,&quot;infinite&quot;:&quot;yes&quot;,&quot;speed&quot;:500}\" data-widget_type=\"image-carousel.default\">\n\t\t\t\t<div class=\"elementor-widget-container\">\n\t\t\t\t\t<div class=\"elementor-image-carousel-wrapper swiper\" dir=\"ltr\">\n\t\t\t<div class=\"elementor-image-carousel swiper-wrapper\" aria-live=\"off\">\n\t\t\t\t\t\t\t\t<div class=\"swiper-slide\" role=\"group\" aria-roledescription=\"slide\" aria-label=\"1 sur 5\"><a data-elementor-open-lightbox=\"yes\" data-elementor-lightbox-slideshow=\"633fcb70\" data-elementor-lightbox-title=\"2023-03-15-PIF Forum on private sector\" data-e-action-hash=\"#elementor-action%3Aaction%3Dlightbox%26settings%3DeyJpZCI6Nzg1MiwidXJsIjoiaHR0cHM6XC9cL2NhZnMub3JnLnNhXC93cC1jb250ZW50XC91cGxvYWRzXC8yMDIwXC8wN1wvMjAyMy0wMy0xNS1QSUYtRm9ydW0tb24tcHJpdmF0ZS1zZWN0b3IuanBnIiwic2xpZGVzaG93IjoiNjMzZmNiNzAifQ%3D%3D\" href=\"https:\/\/cafs.org.sa\/wp-content\/uploads\/2020\/07\/2023-03-15-PIF-Forum-on-private-sector.jpg\"><figure class=\"swiper-slide-inner\"><img decoding=\"async\" class=\"swiper-slide-image\" src=\"https:\/\/cafs.org.sa\/wp-content\/uploads\/2020\/07\/2023-03-15-PIF-Forum-on-private-sector-150x150.jpg\" alt=\"2023-03-15-PIF Forum on private sector\" \/><\/figure><\/a><\/div><div class=\"swiper-slide\" role=\"group\" aria-roledescription=\"slide\" aria-label=\"2 sur 5\"><a data-elementor-open-lightbox=\"yes\" data-elementor-lightbox-slideshow=\"633fcb70\" data-elementor-lightbox-title=\"2023-03-15-PIF Forum on private sector2\" data-e-action-hash=\"#elementor-action%3Aaction%3Dlightbox%26settings%3DeyJpZCI6Nzg1MywidXJsIjoiaHR0cHM6XC9cL2NhZnMub3JnLnNhXC93cC1jb250ZW50XC91cGxvYWRzXC8yMDIwXC8wN1wvMjAyMy0wMy0xNS1QSUYtRm9ydW0tb24tcHJpdmF0ZS1zZWN0b3IyLmpwZyIsInNsaWRlc2hvdyI6IjYzM2ZjYjcwIn0%3D\" href=\"https:\/\/cafs.org.sa\/wp-content\/uploads\/2020\/07\/2023-03-15-PIF-Forum-on-private-sector2.jpg\"><figure class=\"swiper-slide-inner\"><img decoding=\"async\" class=\"swiper-slide-image\" src=\"https:\/\/cafs.org.sa\/wp-content\/uploads\/2020\/07\/2023-03-15-PIF-Forum-on-private-sector2-150x150.jpg\" alt=\"2023-03-15-PIF Forum on private sector2\" \/><\/figure><\/a><\/div><div class=\"swiper-slide\" role=\"group\" aria-roledescription=\"slide\" aria-label=\"3 sur 5\"><a data-elementor-open-lightbox=\"yes\" data-elementor-lightbox-slideshow=\"633fcb70\" data-elementor-lightbox-title=\"2023-03-15-PIF Forum on private sector3\" data-e-action-hash=\"#elementor-action%3Aaction%3Dlightbox%26settings%3DeyJpZCI6Nzg1NCwidXJsIjoiaHR0cHM6XC9cL2NhZnMub3JnLnNhXC93cC1jb250ZW50XC91cGxvYWRzXC8yMDIwXC8wN1wvMjAyMy0wMy0xNS1QSUYtRm9ydW0tb24tcHJpdmF0ZS1zZWN0b3IzLmpwZyIsInNsaWRlc2hvdyI6IjYzM2ZjYjcwIn0%3D\" href=\"https:\/\/cafs.org.sa\/wp-content\/uploads\/2020\/07\/2023-03-15-PIF-Forum-on-private-sector3.jpg\"><figure class=\"swiper-slide-inner\"><img decoding=\"async\" class=\"swiper-slide-image\" src=\"https:\/\/cafs.org.sa\/wp-content\/uploads\/2020\/07\/2023-03-15-PIF-Forum-on-private-sector3-150x150.jpg\" alt=\"2023-03-15-PIF Forum on private sector3\" \/><\/figure><\/a><\/div><div class=\"swiper-slide\" role=\"group\" aria-roledescription=\"slide\" aria-label=\"4 sur 5\"><a data-elementor-open-lightbox=\"yes\" data-elementor-lightbox-slideshow=\"633fcb70\" data-elementor-lightbox-title=\"2023-03-15-PIF Forum on private sector4\" data-e-action-hash=\"#elementor-action%3Aaction%3Dlightbox%26settings%3DeyJpZCI6Nzg1NSwidXJsIjoiaHR0cHM6XC9cL2NhZnMub3JnLnNhXC93cC1jb250ZW50XC91cGxvYWRzXC8yMDIwXC8wN1wvMjAyMy0wMy0xNS1QSUYtRm9ydW0tb24tcHJpdmF0ZS1zZWN0b3I0LmpwZyIsInNsaWRlc2hvdyI6IjYzM2ZjYjcwIn0%3D\" href=\"https:\/\/cafs.org.sa\/wp-content\/uploads\/2020\/07\/2023-03-15-PIF-Forum-on-private-sector4.jpg\"><figure class=\"swiper-slide-inner\"><img decoding=\"async\" class=\"swiper-slide-image\" src=\"https:\/\/cafs.org.sa\/wp-content\/uploads\/2020\/07\/2023-03-15-PIF-Forum-on-private-sector4-150x150.jpg\" alt=\"2023-03-15-PIF Forum on private sector4\" \/><\/figure><\/a><\/div><div class=\"swiper-slide\" role=\"group\" aria-roledescription=\"slide\" aria-label=\"5 sur 5\"><a data-elementor-open-lightbox=\"yes\" data-elementor-lightbox-slideshow=\"633fcb70\" data-elementor-lightbox-title=\"2023-03-15-PIF Forum on private sector5\" data-e-action-hash=\"#elementor-action%3Aaction%3Dlightbox%26settings%3DeyJpZCI6Nzg1NiwidXJsIjoiaHR0cHM6XC9cL2NhZnMub3JnLnNhXC93cC1jb250ZW50XC91cGxvYWRzXC8yMDIwXC8wN1wvMjAyMy0wMy0xNS1QSUYtRm9ydW0tb24tcHJpdmF0ZS1zZWN0b3I1LmpwZyIsInNsaWRlc2hvdyI6IjYzM2ZjYjcwIn0%3D\" href=\"https:\/\/cafs.org.sa\/wp-content\/uploads\/2020\/07\/2023-03-15-PIF-Forum-on-private-sector5.jpg\"><figure class=\"swiper-slide-inner\"><img decoding=\"async\" class=\"swiper-slide-image\" src=\"https:\/\/cafs.org.sa\/wp-content\/uploads\/2020\/07\/2023-03-15-PIF-Forum-on-private-sector5-150x150.jpg\" alt=\"2023-03-15-PIF Forum on private sector5\" \/><\/figure><\/a><\/div>\t\t\t<\/div>\n\t\t\t\t\t\t\t\t\t\t\t\t<div class=\"elementor-swiper-button elementor-swiper-button-prev\" role=\"button\" tabindex=\"0\">\n\t\t\t\t\t\t<i aria-hidden=\"true\" class=\"eicon-chevron-left\"><\/i>\t\t\t\t\t<\/div>\n\t\t\t\t\t<div class=\"elementor-swiper-button elementor-swiper-button-next\" role=\"button\" tabindex=\"0\">\n\t\t\t\t\t\t<i aria-hidden=\"true\" class=\"eicon-chevron-right\"><\/i>\t\t\t\t\t<\/div>\n\t\t\t\t\n\t\t\t\t\t\t\t\t\t<div class=\"swiper-pagination\"><\/div>\n\t\t\t\t\t\t\t\t\t<\/div>\n\t\t\t\t<\/div>\n\t\t\t\t<\/div>\n\t\t\t\t<div class=\"elementor-element elementor-element-2bde62e6 elementor-widget elementor-widget-video\" data-id=\"2bde62e6\" data-element_type=\"widget\" data-settings=\"{&quot;loop&quot;:&quot;yes&quot;,&quot;video_type&quot;:&quot;hosted&quot;,&quot;controls&quot;:&quot;yes&quot;}\" data-widget_type=\"video.default\">\n\t\t\t\t<div class=\"elementor-widget-container\">\n\t\t\t\t\t<div class=\"e-hosted-video elementor-wrapper elementor-open-inline\">\n\t\t\t\t\t<video class=\"elementor-video\" src=\"http:\/\/cafs.org.sa\/wp-content\/uploads\/2023\/03\/PIF-Forum.mp4\" loop=\"\" controls=\"\" preload=\"metadata\" controlslist=\"nodownload\" poster=\"http:\/\/cafs.org.sa\/wp-content\/uploads\/2023\/03\/Poster-Video-PIF.jpg\"><\/video>\n\t\t\t\t<\/div>\n\t\t\t\t<\/div>\n\t\t\t\t<\/div>\n\t\t\t\t\t<\/div>\n\t\t<\/div>\n\t\t\t\t\t<\/div>\n\t\t<\/section>\n\t\t\t\t<\/div>","protected":false},"excerpt":{"rendered":"<p>15 March 2023 &#8211; Eng. Ziyad Alshiha, CEO of the Saudi Investment Recycling Company (SIRC), and Eng. Walid Abukhaled, CEO of the Saudi Arabian Military Industries (SAMI), eminent members of Executive Committee of the Saudi French Business Council (CAFS), participate today in the panel discussion on the \u201cRole of the private sector in developing emerging [&hellip;]<\/p>\n","protected":false},"author":2,"featured_media":7510,"comment_status":"open","ping_status":"open","sticky":false,"template":"","format":"standard","meta":{"om_disable_all_campaigns":false,"_monsterinsights_skip_tracking":false,"_monsterinsights_sitenote_active":false,"_monsterinsights_sitenote_note":"","_monsterinsights_sitenote_category":0,"footnotes":""},"categories":[17,95,19],"tags":[],"class_list":["post-7509","post","type-post","status-publish","format-standard","has-post-thumbnail","hentry","category-members-news","category-news-saudi-arabia","category-newsletters"],"yoast_head":"<!-- This site is optimized with the Yoast SEO plugin v27.5 - https:\/\/yoast.com\/product\/yoast-seo-wordpress\/ -->\n<title>CAFS members speak at PIF Private Sector Forum - CAFS KSA<\/title>\n<meta name=\"robots\" content=\"index, follow, max-snippet:-1, max-image-preview:large, max-video-preview:-1\" \/>\n<link rel=\"canonical\" href=\"https:\/\/cafs.org.sa\/fr\/cafs-members-speak-at-pifs-forum-on-saudi-private-sector\/\" \/>\n<meta property=\"og:locale\" content=\"fr_FR\" \/>\n<meta property=\"og:type\" content=\"article\" \/>\n<meta property=\"og:title\" content=\"CAFS members speak at PIF Private Sector Forum - CAFS KSA\" \/>\n<meta property=\"og:description\" content=\"15 March 2023 &#8211; Eng. Ziyad Alshiha, CEO of the Saudi Investment Recycling Company (SIRC), and Eng. Walid Abukhaled, CEO of the Saudi Arabian Military Industries (SAMI), eminent members of Executive Committee of the Saudi French Business Council (CAFS), participate today in the panel discussion on the \u201cRole of the private sector in developing emerging [&hellip;]\" \/>\n<meta property=\"og:url\" content=\"https:\/\/cafs.org.sa\/fr\/cafs-members-speak-at-pifs-forum-on-saudi-private-sector\/\" \/>\n<meta property=\"og:site_name\" content=\"CAFS KSA\" \/>\n<meta property=\"article:publisher\" content=\"https:\/\/www.facebook.com\/people\/Saudi-French-Business-Council-CAFS\/100090006094494\/\" \/>\n<meta property=\"article:published_time\" content=\"2023-03-15T11:35:24+00:00\" \/>\n<meta property=\"article:modified_time\" content=\"2023-03-17T18:12:12+00:00\" \/>\n<meta property=\"og:image\" content=\"https:\/\/cafs.org.sa\/wp-content\/uploads\/2023\/03\/2023-03-15-PIF-Forum-on-private-sector2.jpg\" \/>\n\t<meta property=\"og:image:width\" content=\"1156\" \/>\n\t<meta property=\"og:image:height\" content=\"741\" \/>\n\t<meta property=\"og:image:type\" content=\"image\/jpeg\" \/>\n<meta name=\"author\" content=\"CAFS\" \/>\n<meta name=\"twitter:card\" content=\"summary_large_image\" \/>\n<meta name=\"twitter:creator\" content=\"@SaudiCafs\" \/>\n<meta name=\"twitter:site\" content=\"@SaudiCafs\" \/>\n<meta name=\"twitter:label1\" content=\"\u00c9crit par\" \/>\n\t<meta name=\"twitter:data1\" content=\"CAFS\" \/>\n\t<meta name=\"twitter:label2\" content=\"Dur\u00e9e de lecture estim\u00e9e\" \/>\n\t<meta name=\"twitter:data2\" content=\"1 minute\" \/>\n<script type=\"application\/ld+json\" class=\"yoast-schema-graph\">{\"@context\":\"https:\\\/\\\/schema.org\",\"@graph\":[{\"@type\":\"Article\",\"@id\":\"https:\\\/\\\/cafs.org.sa\\\/fr\\\/cafs-members-speak-at-pifs-forum-on-saudi-private-sector\\\/#article\",\"isPartOf\":{\"@id\":\"https:\\\/\\\/cafs.org.sa\\\/fr\\\/cafs-members-speak-at-pifs-forum-on-saudi-private-sector\\\/\"},\"author\":{\"name\":\"CAFS\",\"@id\":\"https:\\\/\\\/cafs.org.sa\\\/#\\\/schema\\\/person\\\/c78921a0f4a0779df27789cb89d9e631\"},\"headline\":\"CAFS members speak at PIF Private Sector Forum\",\"datePublished\":\"2023-03-15T11:35:24+00:00\",\"dateModified\":\"2023-03-17T18:12:12+00:00\",\"mainEntityOfPage\":{\"@id\":\"https:\\\/\\\/cafs.org.sa\\\/fr\\\/cafs-members-speak-at-pifs-forum-on-saudi-private-sector\\\/\"},\"wordCount\":197,\"commentCount\":0,\"publisher\":{\"@id\":\"https:\\\/\\\/cafs.org.sa\\\/#organization\"},\"image\":{\"@id\":\"https:\\\/\\\/cafs.org.sa\\\/fr\\\/cafs-members-speak-at-pifs-forum-on-saudi-private-sector\\\/#primaryimage\"},\"thumbnailUrl\":\"https:\\\/\\\/cafs.org.sa\\\/wp-content\\\/uploads\\\/2023\\\/03\\\/2023-03-15-PIF-Forum-on-private-sector2.jpg\",\"articleSection\":[\"Members News\",\"News Saudi Arabia\",\"Newsletters\"],\"inLanguage\":\"fr-FR\",\"potentialAction\":[{\"@type\":\"CommentAction\",\"name\":\"Comment\",\"target\":[\"https:\\\/\\\/cafs.org.sa\\\/fr\\\/cafs-members-speak-at-pifs-forum-on-saudi-private-sector\\\/#respond\"]}]},{\"@type\":\"WebPage\",\"@id\":\"https:\\\/\\\/cafs.org.sa\\\/fr\\\/cafs-members-speak-at-pifs-forum-on-saudi-private-sector\\\/\",\"url\":\"https:\\\/\\\/cafs.org.sa\\\/fr\\\/cafs-members-speak-at-pifs-forum-on-saudi-private-sector\\\/\",\"name\":\"CAFS members speak at PIF Private Sector Forum - CAFS KSA\",\"isPartOf\":{\"@id\":\"https:\\\/\\\/cafs.org.sa\\\/#website\"},\"primaryImageOfPage\":{\"@id\":\"https:\\\/\\\/cafs.org.sa\\\/fr\\\/cafs-members-speak-at-pifs-forum-on-saudi-private-sector\\\/#primaryimage\"},\"image\":{\"@id\":\"https:\\\/\\\/cafs.org.sa\\\/fr\\\/cafs-members-speak-at-pifs-forum-on-saudi-private-sector\\\/#primaryimage\"},\"thumbnailUrl\":\"https:\\\/\\\/cafs.org.sa\\\/wp-content\\\/uploads\\\/2023\\\/03\\\/2023-03-15-PIF-Forum-on-private-sector2.jpg\",\"datePublished\":\"2023-03-15T11:35:24+00:00\",\"dateModified\":\"2023-03-17T18:12:12+00:00\",\"breadcrumb\":{\"@id\":\"https:\\\/\\\/cafs.org.sa\\\/fr\\\/cafs-members-speak-at-pifs-forum-on-saudi-private-sector\\\/#breadcrumb\"},\"inLanguage\":\"fr-FR\",\"potentialAction\":[{\"@type\":\"ReadAction\",\"target\":[\"https:\\\/\\\/cafs.org.sa\\\/fr\\\/cafs-members-speak-at-pifs-forum-on-saudi-private-sector\\\/\"]}]},{\"@type\":\"ImageObject\",\"inLanguage\":\"fr-FR\",\"@id\":\"https:\\\/\\\/cafs.org.sa\\\/fr\\\/cafs-members-speak-at-pifs-forum-on-saudi-private-sector\\\/#primaryimage\",\"url\":\"https:\\\/\\\/cafs.org.sa\\\/wp-content\\\/uploads\\\/2023\\\/03\\\/2023-03-15-PIF-Forum-on-private-sector2.jpg\",\"contentUrl\":\"https:\\\/\\\/cafs.org.sa\\\/wp-content\\\/uploads\\\/2023\\\/03\\\/2023-03-15-PIF-Forum-on-private-sector2.jpg\",\"width\":1156,\"height\":741},{\"@type\":\"BreadcrumbList\",\"@id\":\"https:\\\/\\\/cafs.org.sa\\\/fr\\\/cafs-members-speak-at-pifs-forum-on-saudi-private-sector\\\/#breadcrumb\",\"itemListElement\":[{\"@type\":\"ListItem\",\"position\":1,\"name\":\"Home\",\"item\":\"https:\\\/\\\/cafs.org.sa\\\/\"},{\"@type\":\"ListItem\",\"position\":2,\"name\":\"CAFS members speak at PIF Private Sector Forum\"}]},{\"@type\":\"WebSite\",\"@id\":\"https:\\\/\\\/cafs.org.sa\\\/#website\",\"url\":\"https:\\\/\\\/cafs.org.sa\\\/\",\"name\":\"CAFS\",\"description\":\"\",\"publisher\":{\"@id\":\"https:\\\/\\\/cafs.org.sa\\\/#organization\"},\"potentialAction\":[{\"@type\":\"SearchAction\",\"target\":{\"@type\":\"EntryPoint\",\"urlTemplate\":\"https:\\\/\\\/cafs.org.sa\\\/?s={search_term_string}\"},\"query-input\":{\"@type\":\"PropertyValueSpecification\",\"valueRequired\":true,\"valueName\":\"search_term_string\"}}],\"inLanguage\":\"fr-FR\"},{\"@type\":\"Organization\",\"@id\":\"https:\\\/\\\/cafs.org.sa\\\/#organization\",\"name\":\"Conseil d'Affaires Franco Saoudien (CAFS)\",\"url\":\"https:\\\/\\\/cafs.org.sa\\\/\",\"logo\":{\"@type\":\"ImageObject\",\"inLanguage\":\"fr-FR\",\"@id\":\"https:\\\/\\\/cafs.org.sa\\\/#\\\/schema\\\/logo\\\/image\\\/\",\"url\":\"https:\\\/\\\/cafs.org.sa\\\/wp-content\\\/uploads\\\/2020\\\/07\\\/CAFS-Transparent-background.png\",\"contentUrl\":\"https:\\\/\\\/cafs.org.sa\\\/wp-content\\\/uploads\\\/2020\\\/07\\\/CAFS-Transparent-background.png\",\"width\":2208,\"height\":1470,\"caption\":\"Conseil d'Affaires Franco Saoudien (CAFS)\"},\"image\":{\"@id\":\"https:\\\/\\\/cafs.org.sa\\\/#\\\/schema\\\/logo\\\/image\\\/\"},\"sameAs\":[\"https:\\\/\\\/www.facebook.com\\\/people\\\/Saudi-French-Business-Council-CAFS\\\/100090006094494\\\/\",\"https:\\\/\\\/x.com\\\/SaudiCafs\",\"https:\\\/\\\/www.linkedin.com\\\/company\\\/saudi-french-business-council\\\/\",\"https:\\\/\\\/www.instagram.com\\\/cafs_ksa\\\/\",\"https:\\\/\\\/www.youtube.com\\\/@saudifrenchbusinesscouncilcafs\"]},{\"@type\":\"Person\",\"@id\":\"https:\\\/\\\/cafs.org.sa\\\/#\\\/schema\\\/person\\\/c78921a0f4a0779df27789cb89d9e631\",\"name\":\"CAFS\",\"image\":{\"@type\":\"ImageObject\",\"inLanguage\":\"fr-FR\",\"@id\":\"https:\\\/\\\/secure.gravatar.com\\\/avatar\\\/c8dae6bc3a8e2e79c561994400e9847104e72b9ffbb00174e603ef6ea842bbc9?s=96&d=mm&r=g\",\"url\":\"https:\\\/\\\/secure.gravatar.com\\\/avatar\\\/c8dae6bc3a8e2e79c561994400e9847104e72b9ffbb00174e603ef6ea842bbc9?s=96&d=mm&r=g\",\"contentUrl\":\"https:\\\/\\\/secure.gravatar.com\\\/avatar\\\/c8dae6bc3a8e2e79c561994400e9847104e72b9ffbb00174e603ef6ea842bbc9?s=96&d=mm&r=g\",\"caption\":\"CAFS\"},\"url\":\"https:\\\/\\\/cafs.org.sa\\\/fr\\\/author\\\/casf-admin\\\/\"}]}<\/script>\n<!-- \/ Yoast SEO plugin. -->","yoast_head_json":{"title":"CAFS members speak at PIF Private Sector Forum - CAFS KSA","robots":{"index":"index","follow":"follow","max-snippet":"max-snippet:-1","max-image-preview":"max-image-preview:large","max-video-preview":"max-video-preview:-1"},"canonical":"https:\/\/cafs.org.sa\/fr\/cafs-members-speak-at-pifs-forum-on-saudi-private-sector\/","og_locale":"fr_FR","og_type":"article","og_title":"CAFS members speak at PIF Private Sector Forum - CAFS KSA","og_description":"15 March 2023 &#8211; Eng. Ziyad Alshiha, CEO of the Saudi Investment Recycling Company (SIRC), and Eng. Walid Abukhaled, CEO of the Saudi Arabian Military Industries (SAMI), eminent members of Executive Committee of the Saudi French Business Council (CAFS), participate today in the panel discussion on the \u201cRole of the private sector in developing emerging [&hellip;]","og_url":"https:\/\/cafs.org.sa\/fr\/cafs-members-speak-at-pifs-forum-on-saudi-private-sector\/","og_site_name":"CAFS KSA","article_publisher":"https:\/\/www.facebook.com\/people\/Saudi-French-Business-Council-CAFS\/100090006094494\/","article_published_time":"2023-03-15T11:35:24+00:00","article_modified_time":"2023-03-17T18:12:12+00:00","og_image":[{"width":1156,"height":741,"url":"https:\/\/cafs.org.sa\/wp-content\/uploads\/2023\/03\/2023-03-15-PIF-Forum-on-private-sector2.jpg","type":"image\/jpeg"}],"author":"CAFS","twitter_card":"summary_large_image","twitter_creator":"@SaudiCafs","twitter_site":"@SaudiCafs","twitter_misc":{"\u00c9crit par":"CAFS","Dur\u00e9e de lecture estim\u00e9e":"1 minute"},"schema":{"@context":"https:\/\/schema.org","@graph":[{"@type":"Article","@id":"https:\/\/cafs.org.sa\/fr\/cafs-members-speak-at-pifs-forum-on-saudi-private-sector\/#article","isPartOf":{"@id":"https:\/\/cafs.org.sa\/fr\/cafs-members-speak-at-pifs-forum-on-saudi-private-sector\/"},"author":{"name":"CAFS","@id":"https:\/\/cafs.org.sa\/#\/schema\/person\/c78921a0f4a0779df27789cb89d9e631"},"headline":"CAFS members speak at PIF Private Sector Forum","datePublished":"2023-03-15T11:35:24+00:00","dateModified":"2023-03-17T18:12:12+00:00","mainEntityOfPage":{"@id":"https:\/\/cafs.org.sa\/fr\/cafs-members-speak-at-pifs-forum-on-saudi-private-sector\/"},"wordCount":197,"commentCount":0,"publisher":{"@id":"https:\/\/cafs.org.sa\/#organization"},"image":{"@id":"https:\/\/cafs.org.sa\/fr\/cafs-members-speak-at-pifs-forum-on-saudi-private-sector\/#primaryimage"},"thumbnailUrl":"https:\/\/cafs.org.sa\/wp-content\/uploads\/2023\/03\/2023-03-15-PIF-Forum-on-private-sector2.jpg","articleSection":["Members News","News Saudi Arabia","Newsletters"],"inLanguage":"fr-FR","potentialAction":[{"@type":"CommentAction","name":"Comment","target":["https:\/\/cafs.org.sa\/fr\/cafs-members-speak-at-pifs-forum-on-saudi-private-sector\/#respond"]}]},{"@type":"WebPage","@id":"https:\/\/cafs.org.sa\/fr\/cafs-members-speak-at-pifs-forum-on-saudi-private-sector\/","url":"https:\/\/cafs.org.sa\/fr\/cafs-members-speak-at-pifs-forum-on-saudi-private-sector\/","name":"CAFS members speak at PIF Private Sector Forum - CAFS KSA","isPartOf":{"@id":"https:\/\/cafs.org.sa\/#website"},"primaryImageOfPage":{"@id":"https:\/\/cafs.org.sa\/fr\/cafs-members-speak-at-pifs-forum-on-saudi-private-sector\/#primaryimage"},"image":{"@id":"https:\/\/cafs.org.sa\/fr\/cafs-members-speak-at-pifs-forum-on-saudi-private-sector\/#primaryimage"},"thumbnailUrl":"https:\/\/cafs.org.sa\/wp-content\/uploads\/2023\/03\/2023-03-15-PIF-Forum-on-private-sector2.jpg","datePublished":"2023-03-15T11:35:24+00:00","dateModified":"2023-03-17T18:12:12+00:00","breadcrumb":{"@id":"https:\/\/cafs.org.sa\/fr\/cafs-members-speak-at-pifs-forum-on-saudi-private-sector\/#breadcrumb"},"inLanguage":"fr-FR","potentialAction":[{"@type":"ReadAction","target":["https:\/\/cafs.org.sa\/fr\/cafs-members-speak-at-pifs-forum-on-saudi-private-sector\/"]}]},{"@type":"ImageObject","inLanguage":"fr-FR","@id":"https:\/\/cafs.org.sa\/fr\/cafs-members-speak-at-pifs-forum-on-saudi-private-sector\/#primaryimage","url":"https:\/\/cafs.org.sa\/wp-content\/uploads\/2023\/03\/2023-03-15-PIF-Forum-on-private-sector2.jpg","contentUrl":"https:\/\/cafs.org.sa\/wp-content\/uploads\/2023\/03\/2023-03-15-PIF-Forum-on-private-sector2.jpg","width":1156,"height":741},{"@type":"BreadcrumbList","@id":"https:\/\/cafs.org.sa\/fr\/cafs-members-speak-at-pifs-forum-on-saudi-private-sector\/#breadcrumb","itemListElement":[{"@type":"ListItem","position":1,"name":"Home","item":"https:\/\/cafs.org.sa\/"},{"@type":"ListItem","position":2,"name":"CAFS members speak at PIF Private Sector Forum"}]},{"@type":"WebSite","@id":"https:\/\/cafs.org.sa\/#website","url":"https:\/\/cafs.org.sa\/","name":"CAFS","description":"","publisher":{"@id":"https:\/\/cafs.org.sa\/#organization"},"potentialAction":[{"@type":"SearchAction","target":{"@type":"EntryPoint","urlTemplate":"https:\/\/cafs.org.sa\/?s={search_term_string}"},"query-input":{"@type":"PropertyValueSpecification","valueRequired":true,"valueName":"search_term_string"}}],"inLanguage":"fr-FR"},{"@type":"Organization","@id":"https:\/\/cafs.org.sa\/#organization","name":"Conseil d'Affaires Franco Saoudien (CAFS)","url":"https:\/\/cafs.org.sa\/","logo":{"@type":"ImageObject","inLanguage":"fr-FR","@id":"https:\/\/cafs.org.sa\/#\/schema\/logo\/image\/","url":"https:\/\/cafs.org.sa\/wp-content\/uploads\/2020\/07\/CAFS-Transparent-background.png","contentUrl":"https:\/\/cafs.org.sa\/wp-content\/uploads\/2020\/07\/CAFS-Transparent-background.png","width":2208,"height":1470,"caption":"Conseil d'Affaires Franco Saoudien (CAFS)"},"image":{"@id":"https:\/\/cafs.org.sa\/#\/schema\/logo\/image\/"},"sameAs":["https:\/\/www.facebook.com\/people\/Saudi-French-Business-Council-CAFS\/100090006094494\/","https:\/\/x.com\/SaudiCafs","https:\/\/www.linkedin.com\/company\/saudi-french-business-council\/","https:\/\/www.instagram.com\/cafs_ksa\/","https:\/\/www.youtube.com\/@saudifrenchbusinesscouncilcafs"]},{"@type":"Person","@id":"https:\/\/cafs.org.sa\/#\/schema\/person\/c78921a0f4a0779df27789cb89d9e631","name":"CAFS","image":{"@type":"ImageObject","inLanguage":"fr-FR","@id":"https:\/\/secure.gravatar.com\/avatar\/c8dae6bc3a8e2e79c561994400e9847104e72b9ffbb00174e603ef6ea842bbc9?s=96&d=mm&r=g","url":"https:\/\/secure.gravatar.com\/avatar\/c8dae6bc3a8e2e79c561994400e9847104e72b9ffbb00174e603ef6ea842bbc9?s=96&d=mm&r=g","contentUrl":"https:\/\/secure.gravatar.com\/avatar\/c8dae6bc3a8e2e79c561994400e9847104e72b9ffbb00174e603ef6ea842bbc9?s=96&d=mm&r=g","caption":"CAFS"},"url":"https:\/\/cafs.org.sa\/fr\/author\/casf-admin\/"}]}},"_links":{"self":[{"href":"https:\/\/cafs.org.sa\/fr\/wp-json\/wp\/v2\/posts\/7509","targetHints":{"allow":["GET"]}}],"collection":[{"href":"https:\/\/cafs.org.sa\/fr\/wp-json\/wp\/v2\/posts"}],"about":[{"href":"https:\/\/cafs.org.sa\/fr\/wp-json\/wp\/v2\/types\/post"}],"author":[{"embeddable":true,"href":"https:\/\/cafs.org.sa\/fr\/wp-json\/wp\/v2\/users\/2"}],"replies":[{"embeddable":true,"href":"https:\/\/cafs.org.sa\/fr\/wp-json\/wp\/v2\/comments?post=7509"}],"version-history":[{"count":11,"href":"https:\/\/cafs.org.sa\/fr\/wp-json\/wp\/v2\/posts\/7509\/revisions"}],"predecessor-version":[{"id":7864,"href":"https:\/\/cafs.org.sa\/fr\/wp-json\/wp\/v2\/posts\/7509\/revisions\/7864"}],"wp:featuredmedia":[{"embeddable":true,"href":"https:\/\/cafs.org.sa\/fr\/wp-json\/wp\/v2\/media\/7510"}],"wp:attachment":[{"href":"https:\/\/cafs.org.sa\/fr\/wp-json\/wp\/v2\/media?parent=7509"}],"wp:term":[{"taxonomy":"category","embeddable":true,"href":"https:\/\/cafs.org.sa\/fr\/wp-json\/wp\/v2\/categories?post=7509"},{"taxonomy":"post_tag","embeddable":true,"href":"https:\/\/cafs.org.sa\/fr\/wp-json\/wp\/v2\/tags?post=7509"}],"curies":[{"name":"wp","href":"https:\/\/api.w.org\/{rel}","templated":true}]}}